{"id":811,"date":"2026-08-30T23:29:16","date_gmt":"2026-08-30T21:29:16","guid":{"rendered":"https:\/\/schuetzen-verein.de\/?p=811"},"modified":"2026-08-30T23:31:40","modified_gmt":"2026-08-30T21:31:40","slug":"bundesschuetzenfest-2026-in-buehren","status":"publish","type":"post","link":"https:\/\/schuetzen-verein.de\/?p=811","title":{"rendered":"Bundessch\u00fctzenfest 2026 in B\u00fchren"},"content":{"rendered":"\n<p class=\"wp-block-paragraph\">An dem vergangenen Wochenende fand neben dem B\u00fchrener Sch\u00fctzenfest dort auch das diesj\u00e4hrige Sch\u00fctzenfest des Sch\u00fctzenbundes Wildeshauser Geest statt.\ud83d\ude4c\ud83c\udffb<\/p>\n\n\n\n<p class=\"wp-block-paragraph\">Am Samstag sind wir mit den Sch\u00fctzenvereinen des Sch\u00fctzenbundes zum Dorfplatz in B\u00fchren marschiert. Danach fanden am Vereinsheim die Proklamationen und Ehrungen statt.\ud83c\udfc5<\/p>\n\n\n\n<p class=\"wp-block-paragraph\">Aus unserem Verein wurden Antje, Erich und Holger S. f\u00fcr besondere Verdienste im deutschen Sch\u00fctzenwesen geehrt. Vielen Dank f\u00fcr euer Engagement!\u2728<\/p>\n\n\n\n<p class=\"wp-block-paragraph\">Folgende Personen aus unserem Verein konnten sich einen Platz im K\u00f6nigshaus sichern:<\/p>\n\n\n\n<p class=\"wp-block-paragraph\">\ud83d\udc51 Bundeskinderk\u00f6nigin<br \/>Lea Wohlsen<\/p>\n\n\n\n<ol start=\"2\" class=\"wp-block-list\">\n<li>Bundessch\u00fcleradjudantin<br>Hanna Iaquinta<\/li>\n<\/ol>\n\n\n\n<p class=\"wp-block-paragraph\">\ud83d\udc51 Bundesjugendk\u00f6nigin<br \/>Hanna Debbeler<\/p>\n\n\n\n<ol start=\"2\" class=\"wp-block-list\">\n<li>Bundesadjudantin (Damen)<br>Clara Meyer-Nicolaus<\/li>\n<\/ol>\n\n\n\n<p class=\"wp-block-paragraph\">Au\u00dferdem konnte Hanna bei dem Juniorenpokal den 2. Platz erreichen!\ud83e\udd48<\/p>\n\n\n\n<p class=\"wp-block-paragraph\">Wir freuen uns \u00fcber diese tollen Ergebnisse und gratulieren euch herzlich.\ud83e\udef6\ud83c\udffb<\/p>\n\n\n\n<p class=\"wp-block-paragraph\">Am Sonntag waren wir als Gastverein bei dem 2. Sch\u00fctzenfesttag des Sch\u00fctzenvereins\u00a0 B\u00fchren und Umgegend zu Gast.\ud83d\udc9a<\/p>\n\n\n","protected":false},"excerpt":{"rendered":"<p>An dem vergangenen Wochenende fand neben dem B\u00fchrener Sch\u00fctzenfest dort auch das diesj\u00e4hrige Sch\u00fctzenfest des Sch\u00fctzenbundes Wildeshauser Geest statt.\ud83d\ude4c\ud83c\udffb Am [&hellip;]<\/p>\n","protected":false},"author":2,"featured_media":0,"comment_status":"closed","ping_status":"open","sticky":false,"template":"","format":"standard","meta":{"site-sidebar-layout":"default","site-content-layout":"","ast-site-content-layout":"default","site-content-style":"default","site-sidebar-style":"default","ast-global-header-display":"","ast-banner-title-visibility":"","ast-main-header-display":"","ast-hfb-above-header-display":"","ast-hfb-below-header-display":"","ast-hfb-mobile-header-display":"","site-post-title":"","ast-breadcrumbs-content":"","ast-featured-img":"","footer-sml-layout":"","ast-disable-related-posts":"","theme-transparent-header-meta":"","adv-header-id-meta":"","stick-header-meta":"","header-above-stick-meta":"","header-main-stick-meta":"","header-below-stick-meta":"","astra-migrate-meta-layouts":"default","ast-page-background-enabled":"default","ast-page-background-meta":{"desktop":{"background-color":"var(--ast-global-color-5)","background-image":"","background-repeat":"repeat","background-position":"center center","background-size":"auto","background-attachment":"scroll","background-type":"","background-media":"","overlay-type":"","overlay-color":"","overlay-opacity":"","overlay-gradient":""},"tablet":{"background-color":"","background-image":"","background-repeat":"repeat","background-position":"center center","background-size":"auto","background-attachment":"scroll","background-type":"","background-media":"","overlay-type":"","overlay-color":"","overlay-opacity":"","overlay-gradient":""},"mobile":{"background-color":"","background-image":"","background-repeat":"repeat","background-position":"center center","background-size":"auto","background-attachment":"scroll","background-type":"","background-media":"","overlay-type":"","overlay-color":"","overlay-opacity":"","overlay-gradient":""}},"ast-content-background-meta":{"desktop":{"background-color":"var(--ast-global-color-4)","background-image":"","background-repeat":"repeat","background-position":"center center","background-size":"auto","background-attachment":"scroll","background-type":"","background-media":"","overlay-type":"","overlay-color":"","overlay-opacity":"","overlay-gradient":""},"tablet":{"background-color":"var(--ast-global-color-4)","background-image":"","background-repeat":"repeat","background-position":"center center","background-size":"auto","background-attachment":"scroll","background-type":"","background-media":"","overlay-type":"","overlay-color":"","overlay-opacity":"","overlay-gradient":""},"mobile":{"background-color":"var(--ast-global-color-4)","background-image":"","background-repeat":"repeat","background-position":"center center","background-size":"auto","background-attachment":"scroll","background-type":"","background-media":"","overlay-type":"","overlay-color":"","overlay-opacity":"","overlay-gradient":""}},"footnotes":""},"categories":[24,25],"tags":[],"class_list":["post-811","post","type-post","status-publish","format-standard","hentry","category-tradition","category-vereinsleben"],"_links":{"self":[{"href":"https:\/\/schuetzen-verein.de\/index.php?rest_route=\/wp\/v2\/posts\/811","targetHints":{"allow":["GET"]}}],"collection":[{"href":"https:\/\/schuetzen-verein.de\/index.php?rest_route=\/wp\/v2\/posts"}],"about":[{"href":"https:\/\/schuetzen-verein.de\/index.php?rest_route=\/wp\/v2\/types\/post"}],"author":[{"embeddable":true,"href":"https:\/\/schuetzen-verein.de\/index.php?rest_route=\/wp\/v2\/users\/2"}],"replies":[{"embeddable":true,"href":"https:\/\/schuetzen-verein.de\/index.php?rest_route=%2Fwp%2Fv2%2Fcomments&post=811"}],"version-history":[{"count":1,"href":"https:\/\/schuetzen-verein.de\/index.php?rest_route=\/wp\/v2\/posts\/811\/revisions"}],"predecessor-version":[{"id":812,"href":"https:\/\/schuetzen-verein.de\/index.php?rest_route=\/wp\/v2\/posts\/811\/revisions\/812"}],"wp:attachment":[{"href":"https:\/\/schuetzen-verein.de\/index.php?rest_route=%2Fwp%2Fv2%2Fmedia&parent=811"}],"wp:term":[{"taxonomy":"category","embeddable":true,"href":"https:\/\/schuetzen-verein.de\/index.php?rest_route=%2Fwp%2Fv2%2Fcategories&post=811"},{"taxonomy":"post_tag","embeddable":true,"href":"https:\/\/schuetzen-verein.de\/index.php?rest_route=%2Fwp%2Fv2%2Ftags&post=811"}],"curies":[{"name":"wp","href":"https:\/\/api.w.org\/{rel}","templated":true}]}}